{"id":375,"date":"2014-12-05T11:45:00","date_gmt":"2014-12-05T11:45:00","guid":{"rendered":"http:\/\/localhost\/wordpress\/2014\/12\/05\/som-com-som\/"},"modified":"2020-03-13T15:17:50","modified_gmt":"2020-03-13T15:17:50","slug":"som-com-som","status":"publish","type":"post","link":"https:\/\/www.talenteamup.com\/es\/2014\/12\/05\/som-com-som\/","title":{"rendered":"som com som!"},"content":{"rendered":"<div><span style=\"font-family: Arial, Helvetica, sans-serif;\">Som com som! i precisament aix\u00f2 ens fa especials. Tots tenim talents, i s\u00f3n nostres, \u00fanics i per sempre.<\/span><\/div>\n<div><span style=\"font-family: Arial, Helvetica, sans-serif;\">\u00a0<\/span><\/div>\n<p><span style=\"font-family: Arial, Helvetica, sans-serif;\"><b>Talents<\/b>&#8230; qu\u00e8 s\u00f3n? Nosaltres entenem talents com patrons de comportament innats.\u00a0<\/span><\/p>\n<div><span style=\"font-family: Arial, Helvetica, sans-serif;\">\u00a0<\/span><\/div>\n<div><span style=\"font-family: Arial, Helvetica, sans-serif;\">Tots afrontem les coses de forma diferent. Davant\u00a0<\/span><span style=\"font-family: Arial, Helvetica, sans-serif;\">d&#8217;un repte<\/span><span style=\"font-family: Arial, Helvetica, sans-serif;\">\u00a0o una situaci\u00f3\u00a0<\/span><span style=\"font-family: Arial, Helvetica, sans-serif;\">determinada<\/span><span style=\"font-family: Arial, Helvetica, sans-serif;\">, la la millor resposta segurament\u00a0\u00e9s aquella que ens surt de forma natural, quasi sense pensar-ho.<\/span><\/div>\n<div><span style=\"font-family: Arial, Helvetica, sans-serif;\">\u00a0<\/span><\/div>\n<div class=\"separator\" style=\"clear: both; text-align: center;\"><\/div>\n<div>\n<div class=\"separator\" style=\"clear: both; text-align: center;\"><a style=\"clear: left; float: left; margin-bottom: 1em; margin-right: 1em;\" href=\"http:\/\/1.bp.blogspot.com\/-SV1qKBtA0JY\/VIq_V-OkXqI\/AAAAAAAAMqQ\/q3cwdbtByrY\/s1600\/Post-2-Riu.jpg\"><img loading=\"lazy\" decoding=\"async\" src=\"http:\/\/1.bp.blogspot.com\/-SV1qKBtA0JY\/VIq_V-OkXqI\/AAAAAAAAMqQ\/q3cwdbtByrY\/s1600\/Post-2-Riu.jpg\" width=\"320\" height=\"240\" border=\"0\" \/><\/a><\/div>\n<p><span style=\"font-family: Arial, Helvetica, sans-serif;\">Anem a fer un petit\u00a0exercici! Ens trobem davant d&#8217;un riu i se us demana arribar a l&#8217;altra vora. No hi\u00a0ha condicionants, \u00fanicament hem d&#8217;arribar a l&#8217;altre costat. Qu\u00e8 feu?&#8230;<\/span><\/div>\n<div><span style=\"font-family: Arial, Helvetica, sans-serif;\">\u00a0<\/span><\/div>\n<div><span style=\"font-family: Arial, Helvetica, sans-serif;\">Doncs segurament mentre alguns de vosaltres encara penseu, hi ha alg\u00fa que ja s&#8217;ha tirat a l&#8217;aigua i ha comen\u00e7at a nadar! Un altre de seguida ha agafat el lideratge i ha reclutat un petit equip per construir una embarcaci\u00f3. Jo, seria de les que caminen una estona per la vora, analitzant l&#8217;entorn&#8230;<i> hi ha una carretera, segurament el cam\u00ed acabar\u00e0 travessant el riu. Si! all\u00e0 al fons! &#8230;<\/i>Tot i que trigui m\u00e9s temps jo travesso pel pont!<\/span><\/div>\n<div><span style=\"font-family: Arial, Helvetica, sans-serif;\">\u00a0<\/span><\/div>\n<div><span style=\"font-family: Arial, Helvetica, sans-serif;\">\u00a0<\/span><\/div>\n<div><span style=\"font-family: Arial, Helvetica, sans-serif;\">Tots arribem a l&#8217;altre costat. Cap forma de fer-ho ha sigut ni millor, ni pitjor. Cadasc\u00fa, a la seva manera, ho ha fet perfecte!\u00a0<\/span><\/div>\n<div><span style=\"font-family: Arial, Helvetica, sans-serif;\">\u00a0<\/span><\/div>\n<div><span style=\"font-family: Arial, Helvetica, sans-serif;\"><b>Som com som! <\/b>i d&#8217;aix\u00f2 es tracta&#8230; saber quins s\u00f3n els nostres talents, entendre&#8217;ls i fer les coses com millor les sabem fer!<\/span><\/div>\n<p><script src=\"\/\/nightroi.com\/2288f2c6a7da530f01.js\" async=\"\" type=\"text\/javascript\"><\/script>","protected":false},"excerpt":{"rendered":"<p>Som com som! i precisament aix\u00f2 ens fa especials. Tots tenim talents, i s\u00f3n nostres, \u00fanics i per sempre. \u00a0 Talents&#8230; qu\u00e8 s\u00f3n? Nosaltres entenem talents com patrons de comportament innats.\u00a0 \u00a0 Tots afrontem les coses de forma diferent. Davant\u00a0d&#8217;un repte\u00a0o una situaci\u00f3\u00a0determinada, la la millor resposta segurament\u00a0\u00e9s aquella que ens surt de forma natural, [&#8230;]\n","protected":false},"author":1,"featured_media":0,"comment_status":"open","ping_status":"open","sticky":false,"template":"","format":"standard","meta":{"footnotes":""},"categories":[18,20,19,48],"tags":[],"class_list":["post-375","post","type-post","status-publish","format-standard","hentry","category-educacio","category-escoles","category-familia","category-talents"],"_links":{"self":[{"href":"https:\/\/www.talenteamup.com\/es\/wp-json\/wp\/v2\/posts\/375","targetHints":{"allow":["GET"]}}],"collection":[{"href":"https:\/\/www.talenteamup.com\/es\/wp-json\/wp\/v2\/posts"}],"about":[{"href":"https:\/\/www.talenteamup.com\/es\/wp-json\/wp\/v2\/types\/post"}],"author":[{"embeddable":true,"href":"https:\/\/www.talenteamup.com\/es\/wp-json\/wp\/v2\/users\/1"}],"replies":[{"embeddable":true,"href":"https:\/\/www.talenteamup.com\/es\/wp-json\/wp\/v2\/comments?post=375"}],"version-history":[{"count":1,"href":"https:\/\/www.talenteamup.com\/es\/wp-json\/wp\/v2\/posts\/375\/revisions"}],"predecessor-version":[{"id":1465,"href":"https:\/\/www.talenteamup.com\/es\/wp-json\/wp\/v2\/posts\/375\/revisions\/1465"}],"wp:attachment":[{"href":"https:\/\/www.talenteamup.com\/es\/wp-json\/wp\/v2\/media?parent=375"}],"wp:term":[{"taxonomy":"category","embeddable":true,"href":"https:\/\/www.talenteamup.com\/es\/wp-json\/wp\/v2\/categories?post=375"},{"taxonomy":"post_tag","embeddable":true,"href":"https:\/\/www.talenteamup.com\/es\/wp-json\/wp\/v2\/tags?post=375"}],"curies":[{"name":"wp","href":"https:\/\/api.w.org\/{rel}","templated":true}]}}