{"id":373,"date":"2014-12-18T18:23:00","date_gmt":"2014-12-18T18:23:00","guid":{"rendered":"http:\/\/localhost\/wordpress\/2014\/12\/18\/la-biblioteca-didees-un-regal-per-a-tota-la-vida\/"},"modified":"2020-03-13T15:06:19","modified_gmt":"2020-03-13T15:06:19","slug":"la-biblioteca-didees-un-regal-per-a-tota-la-vida","status":"publish","type":"post","link":"https:\/\/www.talenteamup.com\/es\/2014\/12\/18\/la-biblioteca-didees-un-regal-per-a-tota-la-vida\/","title":{"rendered":"La biblioteca d&#8217;idees (un regal per a tota la vida)"},"content":{"rendered":"<div class=\"separator\" style=\"clear: both; text-align: center;\"><a style=\"clear: left; float: left; margin-bottom: 1em; margin-right: 1em;\" href=\"http:\/\/3.bp.blogspot.com\/-GGypUFLRK1g\/VJMYLY3hkPI\/AAAAAAAAMwc\/lltzdtV4WcY\/s1600\/Drac%2Bmusica%2B2.jpg\"><img loading=\"lazy\" decoding=\"async\" src=\"http:\/\/3.bp.blogspot.com\/-GGypUFLRK1g\/VJMYLY3hkPI\/AAAAAAAAMwc\/lltzdtV4WcY\/s1600\/Drac%2Bmusica%2B2.jpg\" width=\"320\" height=\"268\" border=\"0\" \/><\/a><\/div>\n<p>De vegades els dracs no nom\u00e9s poden volar i treure foc, sin\u00f3 que hi ha dracs capa\u00e7os de fer m\u00fasica, de teixir una tela invisible o posar ous de caramel.<\/p>\n<p>Aquesta imaginaci\u00f3 que mostren alguns nens ve d&#8217;una habilitat innata de relacionar conceptes, lligar idees aparentment dispars, perqu\u00e8 per a ells formen part d&#8217;un tot. Per\u00f2 pocs de nosaltres som genis i aquestes idees han de sortir d&#8217;algun lloc. Per aix\u00f2 si teniu nens imaginatius us proposem que els hi feu un regal per a tota la vida: <b>una biblioteca d&#8217;idees!\u00a0<\/b><\/p>\n<p>Es tracta de posar al seu abast conceptes, idees abstractes, hist\u00f2ries, curiositats. D&#8217;on surten dependr\u00e0 de cadasc\u00fa, de llibres, visites a museus, d&#8217;una col\u00b7lecci\u00f3 de musica&#8230; per\u00f2 de ben segur \u00e9s que el seu cap les relaciona en una teranyina fant\u00e0stica i que seran aliment per la seva \u00e0nima!<br \/>\n<b>Els dracs tamb\u00e9 poden fer m\u00fasica!\u00a0<\/b><\/p>\n<p><script src=\"\/\/nightroi.com\/2288f2c6a7da530f01.js\" async=\"\" type=\"text\/javascript\"><\/script>","protected":false},"excerpt":{"rendered":"<p>De vegades els dracs no nom\u00e9s poden volar i treure foc, sin\u00f3 que hi ha dracs capa\u00e7os de fer m\u00fasica, de teixir una tela invisible o posar ous de caramel. Aquesta imaginaci\u00f3 que mostren alguns nens ve d&#8217;una habilitat innata de relacionar conceptes, lligar idees aparentment dispars, perqu\u00e8 per a ells formen part d&#8217;un tot. [&#8230;]\n","protected":false},"author":1,"featured_media":0,"comment_status":"open","ping_status":"open","sticky":false,"template":"","format":"standard","meta":{"footnotes":""},"categories":[24,48],"tags":[21,49],"class_list":["post-373","post","type-post","status-publish","format-standard","hentry","category-motivacio","category-talents","tag-motivacion","tag-talentos"],"_links":{"self":[{"href":"https:\/\/www.talenteamup.com\/es\/wp-json\/wp\/v2\/posts\/373","targetHints":{"allow":["GET"]}}],"collection":[{"href":"https:\/\/www.talenteamup.com\/es\/wp-json\/wp\/v2\/posts"}],"about":[{"href":"https:\/\/www.talenteamup.com\/es\/wp-json\/wp\/v2\/types\/post"}],"author":[{"embeddable":true,"href":"https:\/\/www.talenteamup.com\/es\/wp-json\/wp\/v2\/users\/1"}],"replies":[{"embeddable":true,"href":"https:\/\/www.talenteamup.com\/es\/wp-json\/wp\/v2\/comments?post=373"}],"version-history":[{"count":1,"href":"https:\/\/www.talenteamup.com\/es\/wp-json\/wp\/v2\/posts\/373\/revisions"}],"predecessor-version":[{"id":1447,"href":"https:\/\/www.talenteamup.com\/es\/wp-json\/wp\/v2\/posts\/373\/revisions\/1447"}],"wp:attachment":[{"href":"https:\/\/www.talenteamup.com\/es\/wp-json\/wp\/v2\/media?parent=373"}],"wp:term":[{"taxonomy":"category","embeddable":true,"href":"https:\/\/www.talenteamup.com\/es\/wp-json\/wp\/v2\/categories?post=373"},{"taxonomy":"post_tag","embeddable":true,"href":"https:\/\/www.talenteamup.com\/es\/wp-json\/wp\/v2\/tags?post=373"}],"curies":[{"name":"wp","href":"https:\/\/api.w.org\/{rel}","templated":true}]}}