{"id":369,"date":"2015-01-31T11:43:00","date_gmt":"2015-01-31T11:43:00","guid":{"rendered":"http:\/\/localhost\/wordpress\/2015\/01\/31\/kein-problem-el-talent-positiu\/"},"modified":"2020-03-13T15:03:38","modified_gmt":"2020-03-13T15:03:38","slug":"kein-problem-el-talent-positiu","status":"publish","type":"post","link":"https:\/\/www.talenteamup.com\/es\/2015\/01\/31\/kein-problem-el-talent-positiu\/","title":{"rendered":"Kein Problem! (el talent Positiu)"},"content":{"rendered":"Kein Problem! (cap problema!) \u00e9s una de les frases que caracteritzen la Lia.<\/p>\n<div class=\"separator\" style=\"clear: both; text-align: center;\"><a style=\"clear: left; float: left; margin-bottom: 1em; margin-right: 1em;\" href=\"http:\/\/3.bp.blogspot.com\/-pEblwoP7xwc\/VMy91bYBYjI\/AAAAAAAAR60\/ca11UoFuIfU\/s1600\/Lia%2Briure.jpg\"><img loading=\"lazy\" decoding=\"async\" src=\"http:\/\/3.bp.blogspot.com\/-pEblwoP7xwc\/VMy91bYBYjI\/AAAAAAAAR60\/ca11UoFuIfU\/s1600\/Lia%2Briure.jpg\" width=\"320\" height=\"240\" border=\"0\" \/><\/a><\/div>\n<p>En situacions, que per a mi a la seva edat (3 anys) hagu\u00e9ssin sigut un daltabaix, ella \u00e9s capa\u00e7 de dir: cap problema! Pot ser s&#8217;ha trencat una cama de la seva nina o ha caigut i se li ha fet un forat al seu vestit nou de princesa que amb tanta il\u00b7lusi\u00f3 s&#8217;havia posat. Ella li treu ferro i &#8230; no passa res!<\/p>\n<p>De vegades en alguna situaci\u00f3 quasi m&#8217;he enfadat, i he pensat \u201ccom que no passa res! que \u00e9s que no ho valora?!\u201d per\u00f2 no \u00e9s aix\u00f2, la Lia \u00e9s positiva i t\u00e9 el fant\u00e0stic talent de veure el got mig ple. Aix\u00ed que ho recolzo. \u201c\u00c9s clar, no \u00e9s cap problema! podem provar de cosir el vestit amb un fil ben bonic!\u201d Somriu i \u00e9s feli\u00e7! Aquest instant d&#8217;energia que irradia es contagia i en comptes d&#8217;un disgust, passem a tenir tots una rialla.<\/p>\n<p>Espero saber-ho recolzar prou per a que aquest talent, <b>positiu<\/b>, creixi amb ella i esdevingui una veritable fortalesa!<\/p>\n<p><script src=\"\/\/nightroi.com\/2288f2c6a7da530f01.js\" async=\"\" type=\"text\/javascript\"><\/script>","protected":false},"excerpt":{"rendered":"<p>Kein Problem! (cap problema!) \u00e9s una de les frases que caracteritzen la Lia. En situacions, que per a mi a la seva edat (3 anys) hagu\u00e9ssin sigut un daltabaix, ella \u00e9s capa\u00e7 de dir: cap problema! Pot ser s&#8217;ha trencat una cama de la seva nina o ha caigut i se li ha fet un [&#8230;]\n","protected":false},"author":1,"featured_media":0,"comment_status":"open","ping_status":"open","sticky":false,"template":"","format":"standard","meta":{"footnotes":""},"categories":[24,48],"tags":[21,49],"class_list":["post-369","post","type-post","status-publish","format-standard","hentry","category-motivacio","category-talents","tag-motivacion","tag-talentos"],"_links":{"self":[{"href":"https:\/\/www.talenteamup.com\/es\/wp-json\/wp\/v2\/posts\/369","targetHints":{"allow":["GET"]}}],"collection":[{"href":"https:\/\/www.talenteamup.com\/es\/wp-json\/wp\/v2\/posts"}],"about":[{"href":"https:\/\/www.talenteamup.com\/es\/wp-json\/wp\/v2\/types\/post"}],"author":[{"embeddable":true,"href":"https:\/\/www.talenteamup.com\/es\/wp-json\/wp\/v2\/users\/1"}],"replies":[{"embeddable":true,"href":"https:\/\/www.talenteamup.com\/es\/wp-json\/wp\/v2\/comments?post=369"}],"version-history":[{"count":1,"href":"https:\/\/www.talenteamup.com\/es\/wp-json\/wp\/v2\/posts\/369\/revisions"}],"predecessor-version":[{"id":1443,"href":"https:\/\/www.talenteamup.com\/es\/wp-json\/wp\/v2\/posts\/369\/revisions\/1443"}],"wp:attachment":[{"href":"https:\/\/www.talenteamup.com\/es\/wp-json\/wp\/v2\/media?parent=369"}],"wp:term":[{"taxonomy":"category","embeddable":true,"href":"https:\/\/www.talenteamup.com\/es\/wp-json\/wp\/v2\/categories?post=369"},{"taxonomy":"post_tag","embeddable":true,"href":"https:\/\/www.talenteamup.com\/es\/wp-json\/wp\/v2\/tags?post=369"}],"curies":[{"name":"wp","href":"https:\/\/api.w.org\/{rel}","templated":true}]}}