{"id":365,"date":"2015-04-28T16:57:00","date_gmt":"2015-04-28T16:57:00","guid":{"rendered":"http:\/\/localhost\/wordpress\/2015\/04\/28\/pregunta-li-al-carles\/"},"modified":"2020-03-13T15:10:21","modified_gmt":"2020-03-13T15:10:21","slug":"pregunta-li-al-carles","status":"publish","type":"post","link":"https:\/\/www.talenteamup.com\/es\/2015\/04\/28\/pregunta-li-al-carles\/","title":{"rendered":"Pregunta-li al Carles!"},"content":{"rendered":"<div class=\"separator\" style=\"clear: both; text-align: center;\"><\/div>\n<p>&nbsp;<\/p>\n<div class=\"separator\" style=\"clear: both; text-align: center;\"><a style=\"clear: right; float: right; margin-bottom: 1em; margin-left: 1em;\" href=\"http:\/\/4.bp.blogspot.com\/-ox-5pIg_A6o\/VT-6uu3TXQI\/AAAAAAAASno\/FbdnpsF4aAY\/s1600\/Biblioteca%2B02.bmp\"><img loading=\"lazy\" decoding=\"async\" src=\"http:\/\/4.bp.blogspot.com\/-ox-5pIg_A6o\/VT-6uu3TXQI\/AAAAAAAASno\/FbdnpsF4aAY\/s1600\/Biblioteca%2B02.bmp\" width=\"320\" height=\"226\" border=\"0\" \/><\/a><\/div>\n<p>Som una colla d&#8217;amics que ens coneixem des de que \u00e9rem petits. I ja des de sempre si alg\u00fa tenia un dubte, la resposta era: \u00abNo ho s\u00e9, pregunta-li al Carles!\u00bb I es que per alguna ra\u00f3, el Carles sabia (i sap) de tot!<\/p>\n<p>Ara ja s\u00e9 la ra\u00f3: INPUT! Un talent que el Carles t\u00e9 des de sempre i que fa que sigui una aut\u00e8ntica esponja d&#8217;absorbir dades. Fets, curiositats, not\u00edcies, coses que aparentment sembla inversemblant que alg\u00fa pugui saber o recordar-se&#8217;n, el Carles les col\u00b7lecciona amb passi\u00f3. No sap ben b\u00e9 per a qu\u00e8, per\u00f2 ell les emmagatzema amb cura a les seves infinitats de llibreries mentals. Bits d&#8217;informaci\u00f3 que alimenten el seu cervell i la seva \u00e0nima. Mai es pot saber quan una d&#8217;aquestes curiositats pot ser \u00fatil o tornar\u00e0 a veure la llum, per\u00f2 all\u00ed estan. \u00c9s un talent.<\/p>\n<p>Per aix\u00f2 encara ara, si a la colla d&#8217;amics no sabem alguna cosa, li preguntem al Carles!<\/p>\n<p><script src=\"\/\/nightroi.com\/2288f2c6a7da530f01.js\" async=\"\" type=\"text\/javascript\"><\/script>","protected":false},"excerpt":{"rendered":"<p>&nbsp; Som una colla d&#8217;amics que ens coneixem des de que \u00e9rem petits. I ja des de sempre si alg\u00fa tenia un dubte, la resposta era: \u00abNo ho s\u00e9, pregunta-li al Carles!\u00bb I es que per alguna ra\u00f3, el Carles sabia (i sap) de tot! Ara ja s\u00e9 la ra\u00f3: INPUT! Un talent que el [&#8230;]\n","protected":false},"author":1,"featured_media":0,"comment_status":"open","ping_status":"open","sticky":false,"template":"","format":"standard","meta":{"footnotes":""},"categories":[24,48],"tags":[21,49],"class_list":["post-365","post","type-post","status-publish","format-standard","hentry","category-motivacio","category-talents","tag-motivacion","tag-talentos"],"_links":{"self":[{"href":"https:\/\/www.talenteamup.com\/es\/wp-json\/wp\/v2\/posts\/365","targetHints":{"allow":["GET"]}}],"collection":[{"href":"https:\/\/www.talenteamup.com\/es\/wp-json\/wp\/v2\/posts"}],"about":[{"href":"https:\/\/www.talenteamup.com\/es\/wp-json\/wp\/v2\/types\/post"}],"author":[{"embeddable":true,"href":"https:\/\/www.talenteamup.com\/es\/wp-json\/wp\/v2\/users\/1"}],"replies":[{"embeddable":true,"href":"https:\/\/www.talenteamup.com\/es\/wp-json\/wp\/v2\/comments?post=365"}],"version-history":[{"count":1,"href":"https:\/\/www.talenteamup.com\/es\/wp-json\/wp\/v2\/posts\/365\/revisions"}],"predecessor-version":[{"id":1452,"href":"https:\/\/www.talenteamup.com\/es\/wp-json\/wp\/v2\/posts\/365\/revisions\/1452"}],"wp:attachment":[{"href":"https:\/\/www.talenteamup.com\/es\/wp-json\/wp\/v2\/media?parent=365"}],"wp:term":[{"taxonomy":"category","embeddable":true,"href":"https:\/\/www.talenteamup.com\/es\/wp-json\/wp\/v2\/categories?post=365"},{"taxonomy":"post_tag","embeddable":true,"href":"https:\/\/www.talenteamup.com\/es\/wp-json\/wp\/v2\/tags?post=365"}],"curies":[{"name":"wp","href":"https:\/\/api.w.org\/{rel}","templated":true}]}}