{"id":363,"date":"2015-07-01T10:41:00","date_gmt":"2015-07-01T10:41:00","guid":{"rendered":"http:\/\/localhost\/wordpress\/2015\/07\/01\/context-herencia-des-de-la-primera-cel%c2%b7lula\/"},"modified":"2020-03-13T15:11:32","modified_gmt":"2020-03-13T15:11:32","slug":"context-herencia-des-de-la-primera-cel%c2%b7lula","status":"publish","type":"post","link":"https:\/\/www.talenteamup.com\/es\/2015\/07\/01\/context-herencia-des-de-la-primera-cel%c2%b7lula\/","title":{"rendered":"Context &#8211; Her\u00e8ncia des de la primera c\u00e8l\u00b7lula"},"content":{"rendered":"<div class=\"separator\" style=\"clear: both; text-align: center;\"><a style=\"clear: right; float: right; margin-bottom: 1em; margin-left: 1em;\" href=\"http:\/\/3.bp.blogspot.com\/--wXlXnUuH3A\/VZO-PdQuyoI\/AAAAAAAAXMI\/_2Yz7YSpVBE\/s1600\/celula1.jpg\"><img loading=\"lazy\" decoding=\"async\" src=\"http:\/\/3.bp.blogspot.com\/--wXlXnUuH3A\/VZO-PdQuyoI\/AAAAAAAAXMI\/_2Yz7YSpVBE\/s320\/celula1.jpg\" width=\"320\" height=\"179\" border=\"0\" \/><\/a><\/div>\n<div style=\"text-align: justify;\">\u00ab<b>La primera c\u00e8l\u00b7lula que va apar\u00e8ixer sobre la terra encara \u00e9s viva!<\/b>\u00bb \u00e9s la reflexi\u00f3 que em va fer un amic l&#8217;altre dia.<\/div>\n<div style=\"text-align: justify;\"><\/div>\n<div style=\"text-align: justify;\">Pel proc\u00e9s de mitosi s&#8217;ha anat clonant a si mateixa de manera que el seu material gen\u00e8tic m\u00e9s l&#8217;her\u00e8ncia de milers d&#8217;anys d&#8217;aprenentatge se&#8217;ns ha traslladat fins avui en dia.<\/div>\n<div style=\"text-align: justify;\"><\/div>\n<div style=\"text-align: justify;\">\u00c9s la reflexi\u00f3 m\u00e9s \u00abcontext\u00bb que he sentit mai!<\/div>\n<div style=\"text-align: justify;\">Un talent que ens porta a tenir en consideraci\u00f3 el passat, aprendre d&#8217;ell, per evitar els mateixos errors en un futur. I quin millor aprenentatge que milers d&#8217;anys d&#8217;hist\u00f2ria!<\/div>\n<div style=\"text-align: justify;\">Tot i que a mi aquest plantejament no em surt de natural, m&#8217;agrada la idea d&#8217;atresorar en una diminuta c\u00e8l\u00b7lula el coneixement, com una clau de saviesa forjada durant mil\u00b7lennis.<\/div>\n<div style=\"text-align: justify;\"><\/div>\n<div style=\"text-align: justify;\">Hi ha gent que s\u00ed, que de forma innata tenen la mirada posada en l&#8217;experi\u00e8ncia, en la hist\u00f2ria, com a pr\u00e0ctica del present i soluci\u00f3 per al que esdevindr\u00e0, posant plenament de manifest el seu talent \u00abcontext\u00bb.<\/div>\n<div style=\"text-align: justify;\"><\/div>\n<div style=\"text-align: justify;\">Al cap i a la fi, diu el meu amic, \u00absi va servir fa cent anys tamb\u00e9 servir\u00e0 ara, que com a \u00e9ssers humans tampoc hem canviat tant!\u00bb<\/div>\n<p><script src=\"\/\/nightroi.com\/2288f2c6a7da530f01.js\" async=\"\" type=\"text\/javascript\"><\/script>","protected":false},"excerpt":{"rendered":"<p>\u00abLa primera c\u00e8l\u00b7lula que va apar\u00e8ixer sobre la terra encara \u00e9s viva!\u00bb \u00e9s la reflexi\u00f3 que em va fer un amic l&#8217;altre dia. Pel proc\u00e9s de mitosi s&#8217;ha anat clonant a si mateixa de manera que el seu material gen\u00e8tic m\u00e9s l&#8217;her\u00e8ncia de milers d&#8217;anys d&#8217;aprenentatge se&#8217;ns ha traslladat fins avui en dia. \u00c9s la [&#8230;]\n","protected":false},"author":1,"featured_media":0,"comment_status":"open","ping_status":"open","sticky":false,"template":"","format":"standard","meta":{"footnotes":""},"categories":[24,48],"tags":[21,49],"class_list":["post-363","post","type-post","status-publish","format-standard","hentry","category-motivacio","category-talents","tag-motivacion","tag-talentos"],"_links":{"self":[{"href":"https:\/\/www.talenteamup.com\/es\/wp-json\/wp\/v2\/posts\/363","targetHints":{"allow":["GET"]}}],"collection":[{"href":"https:\/\/www.talenteamup.com\/es\/wp-json\/wp\/v2\/posts"}],"about":[{"href":"https:\/\/www.talenteamup.com\/es\/wp-json\/wp\/v2\/types\/post"}],"author":[{"embeddable":true,"href":"https:\/\/www.talenteamup.com\/es\/wp-json\/wp\/v2\/users\/1"}],"replies":[{"embeddable":true,"href":"https:\/\/www.talenteamup.com\/es\/wp-json\/wp\/v2\/comments?post=363"}],"version-history":[{"count":1,"href":"https:\/\/www.talenteamup.com\/es\/wp-json\/wp\/v2\/posts\/363\/revisions"}],"predecessor-version":[{"id":1454,"href":"https:\/\/www.talenteamup.com\/es\/wp-json\/wp\/v2\/posts\/363\/revisions\/1454"}],"wp:attachment":[{"href":"https:\/\/www.talenteamup.com\/es\/wp-json\/wp\/v2\/media?parent=363"}],"wp:term":[{"taxonomy":"category","embeddable":true,"href":"https:\/\/www.talenteamup.com\/es\/wp-json\/wp\/v2\/categories?post=363"},{"taxonomy":"post_tag","embeddable":true,"href":"https:\/\/www.talenteamup.com\/es\/wp-json\/wp\/v2\/tags?post=363"}],"curies":[{"name":"wp","href":"https:\/\/api.w.org\/{rel}","templated":true}]}}