{"id":361,"date":"2016-01-22T11:47:00","date_gmt":"2016-01-22T11:47:00","guid":{"rendered":"http:\/\/localhost\/wordpress\/2016\/01\/22\/som-fantasticament-diferents\/"},"modified":"2020-03-13T15:12:44","modified_gmt":"2020-03-13T15:12:44","slug":"som-fantasticament-diferents","status":"publish","type":"post","link":"https:\/\/www.talenteamup.com\/es\/2016\/01\/22\/som-fantasticament-diferents\/","title":{"rendered":"Som fant\u00e0sticament diferents!"},"content":{"rendered":"<div style=\"text-align: justify;\">E<img loading=\"lazy\" decoding=\"async\" class=\"alignleft\" src=\"http:\/\/4.bp.blogspot.com\/-KH4y7XOHq4Q\/VqITBPOMoCI\/AAAAAAAAbpc\/D90qAcXsCRQ\/s320\/butaques.jpg\" alt=\"\" width=\"320\" height=\"180\" border=\"0\" \/>m va sorprendre molt quan en un exercici de talents amb joves, en el que tract\u00e0vem la q\u00fcesti\u00f3 \u00abquina visi\u00f3 tens del futur\u00bb un dels participants va escollir aquesta foto:<\/div>\n<div style=\"text-align: justify;\"><\/div>\n<div style=\"text-align: justify;\">Un auditori de butaques buit.<\/div>\n<div style=\"text-align: justify;\"><\/div>\n<div style=\"text-align: justify;\">Em va sobtar perqu\u00e8 jo no vaig veure m\u00e9s del que era: butaques totes iguals i buides, que a la pregunta que est\u00e0vem treballant, a mi no em suggeria m\u00e9s que un panorama descoratjador. Un futur buit. Tinc que dir que dos dels meus talents s\u00f3n anal\u00edtic i prudent, pel que de forma natural veig les coses de forma objectiva i amb tot el risc associat.<\/div>\n<div style=\"text-align: justify;\"><\/div>\n<div style=\"text-align: justify;\">Per\u00f2 no som iguals! La persona en q\u00fcesti\u00f3 no veia en aquesta foto un futur descoratjador com jo, sin\u00f3 tot al contrari!! Per a ella era l&#8217;oportunitat d&#8217;emplenar-ho! Veia molt m\u00e9s enll\u00e0 de la pr\u00f2pia foto i va sentir la motivaci\u00f3 instintiva de voler fer quelcom espectacular per omplir tot aquell auditori amb cares somrients. Vam veure com de forma espont\u00e0nia els seus talents van parlar per ella i li van suggerir quina havia de ser la seva visi\u00f3 de futur.<\/div>\n<div style=\"text-align: justify;\"><\/div>\n<div style=\"text-align: justify;\">Va ser una experi\u00e8ncia m\u00e0gica! M&#8217;encanta veure el diferents que som!<\/div>\n<div style=\"text-align: justify;\"><\/div>\n<div style=\"text-align: justify;\">Desitjo que la visi\u00f3 de futur s&#8217;assoleixi i m&#8217;omple cada dia de gran satisfacci\u00f3 contribuir des del Programa TalentUp en treure el millor de les persones!<\/div>\n<div class=\"separator\" style=\"clear: both; text-align: center;\"><\/div>\n<p><script src=\"\/\/nightroi.com\/2288f2c6a7da530f01.js\" async=\"\" type=\"text\/javascript\"><\/script>","protected":false},"excerpt":{"rendered":"<p>Em va sorprendre molt quan en un exercici de talents amb joves, en el que tract\u00e0vem la q\u00fcesti\u00f3 \u00abquina visi\u00f3 tens del futur\u00bb un dels participants va escollir aquesta foto: Un auditori de butaques buit. Em va sobtar perqu\u00e8 jo no vaig veure m\u00e9s del que era: butaques totes iguals i buides, que a la [&#8230;]\n","protected":false},"author":1,"featured_media":533,"comment_status":"open","ping_status":"open","sticky":false,"template":"","format":"standard","meta":{"footnotes":""},"categories":[24,48],"tags":[21,49],"class_list":["post-361","post","type-post","status-publish","format-standard","has-post-thumbnail","hentry","category-motivacio","category-talents","tag-motivacion","tag-talentos"],"_links":{"self":[{"href":"https:\/\/www.talenteamup.com\/es\/wp-json\/wp\/v2\/posts\/361","targetHints":{"allow":["GET"]}}],"collection":[{"href":"https:\/\/www.talenteamup.com\/es\/wp-json\/wp\/v2\/posts"}],"about":[{"href":"https:\/\/www.talenteamup.com\/es\/wp-json\/wp\/v2\/types\/post"}],"author":[{"embeddable":true,"href":"https:\/\/www.talenteamup.com\/es\/wp-json\/wp\/v2\/users\/1"}],"replies":[{"embeddable":true,"href":"https:\/\/www.talenteamup.com\/es\/wp-json\/wp\/v2\/comments?post=361"}],"version-history":[{"count":1,"href":"https:\/\/www.talenteamup.com\/es\/wp-json\/wp\/v2\/posts\/361\/revisions"}],"predecessor-version":[{"id":1456,"href":"https:\/\/www.talenteamup.com\/es\/wp-json\/wp\/v2\/posts\/361\/revisions\/1456"}],"wp:featuredmedia":[{"embeddable":true,"href":"https:\/\/www.talenteamup.com\/es\/wp-json\/wp\/v2\/media\/533"}],"wp:attachment":[{"href":"https:\/\/www.talenteamup.com\/es\/wp-json\/wp\/v2\/media?parent=361"}],"wp:term":[{"taxonomy":"category","embeddable":true,"href":"https:\/\/www.talenteamup.com\/es\/wp-json\/wp\/v2\/categories?post=361"},{"taxonomy":"post_tag","embeddable":true,"href":"https:\/\/www.talenteamup.com\/es\/wp-json\/wp\/v2\/tags?post=361"}],"curies":[{"name":"wp","href":"https:\/\/api.w.org\/{rel}","templated":true}]}}