{"id":359,"date":"2016-04-07T18:04:00","date_gmt":"2016-04-07T18:04:00","guid":{"rendered":"http:\/\/localhost\/wordpress\/2016\/04\/07\/taller-com-motivar-al-meu-fill-descoberta-del-superheroi\/"},"modified":"2020-03-13T14:36:59","modified_gmt":"2020-03-13T14:36:59","slug":"taller-com-motivar-al-meu-fill-descoberta-del-superheroi","status":"publish","type":"post","link":"https:\/\/www.talenteamup.com\/es\/2016\/04\/07\/taller-com-motivar-al-meu-fill-descoberta-del-superheroi\/","title":{"rendered":"Taller: Com motivar al meu fill. Descoberta del superheroi!"},"content":{"rendered":"<div class=\"separator\" style=\"clear: both; text-align: center;\"><\/div>\n<div style=\"text-align: justify;\"><a style=\"clear: left; float: left; margin-bottom: 1em; margin-right: 1em;\" href=\"https:\/\/2.bp.blogspot.com\/-cxDkHoKTqsg\/Vw6HMubVTwI\/AAAAAAAAcwk\/sSGkJkr7N2keZ9VCkzVClg8CMjaSGhbygCLcB\/s1600\/Flyer_pagina1.png\"><img loading=\"lazy\" decoding=\"async\" src=\"https:\/\/2.bp.blogspot.com\/-cxDkHoKTqsg\/Vw6HMubVTwI\/AAAAAAAAcwk\/sSGkJkr7N2keZ9VCkzVClg8CMjaSGhbygCLcB\/s320\/Flyer_pagina1.png\" alt=\"\" width=\"224\" height=\"320\" border=\"0\" \/><\/a>Alguna vegada us heu preguntat per qu\u00e8 el vostre fill ha reaccionat d&#8217;una determinada manera? O heu pensat, home&#8230; no n&#8217;hi ha per tant! o simplement far\u00edeu les coses diferents?<\/div>\n<div style=\"text-align: justify;\">I es que, tots som diferents i s\u00f3n precisament els nostres <b>TALENTS<\/b> que ens fan ser com som! (Al meu parer, meravellosament \u00fanics!)<\/div>\n<div style=\"text-align: justify;\"><\/div>\n<div>\n<div style=\"text-align: justify;\">Si voleu saber m\u00e9s sobre talents i com descobrir-los i potenciar-los en els vostres fills segur que us interessa el taller que hem preparat:<\/div>\n<\/div>\n<div>\n<div style=\"text-align: justify;\"><b>\u00a0<\/b><\/div>\n<\/div>\n<div>\n<div style=\"text-align: justify;\"><b>Com motivar al meu fill. Descoberta del superheroi!<\/b><\/div>\n<\/div>\n<div><\/div>\n<div>\n<div style=\"text-align: justify;\">El primer taller s&#8217;organitza al <b>col\u00b7legi Lestonnac &#8211; L&#8217;ensenyan\u00e7a.<\/b><\/div>\n<\/div>\n<div><\/div>\n<div>\n<div style=\"text-align: justify;\">El proper <b>dijous 14 d&#8217;abril a les 18:00h<\/b> fem la sessi\u00f3 0 d&#8217;introducci\u00f3, oberta a tothom.<\/div>\n<div style=\"text-align: justify;\">Si teniu preguntes us podeu adre\u00e7ar a susanna@talenteamup.com<\/div>\n<\/div>\n<div><\/div>\n<div>\n<div style=\"text-align: justify;\">\u00c9s un proc\u00e9s de descoberta molt interessant. <b>Us hi esperem!<\/b><\/div>\n<\/div>\n<p><script src=\"\/\/nightroi.com\/2288f2c6a7da530f01.js\" async=\"\" type=\"text\/javascript\"><\/script>","protected":false},"excerpt":{"rendered":"<p>Alguna vegada us heu preguntat per qu\u00e8 el vostre fill ha reaccionat d&#8217;una determinada manera? O heu pensat, home&#8230; no n&#8217;hi ha per tant! o simplement far\u00edeu les coses diferents? I es que, tots som diferents i s\u00f3n precisament els nostres TALENTS que ens fan ser com som! (Al meu parer, meravellosament \u00fanics!) Si voleu [&#8230;]\n","protected":false},"author":1,"featured_media":530,"comment_status":"open","ping_status":"open","sticky":false,"template":"","format":"standard","meta":{"footnotes":""},"categories":[18,20,19,24,22],"tags":[21,47,43],"class_list":["post-359","post","type-post","status-publish","format-standard","has-post-thumbnail","hentry","category-educacio","category-escoles","category-familia","category-motivacio","category-workshops","tag-motivacion","tag-superheroe","tag-talento"],"_links":{"self":[{"href":"https:\/\/www.talenteamup.com\/es\/wp-json\/wp\/v2\/posts\/359","targetHints":{"allow":["GET"]}}],"collection":[{"href":"https:\/\/www.talenteamup.com\/es\/wp-json\/wp\/v2\/posts"}],"about":[{"href":"https:\/\/www.talenteamup.com\/es\/wp-json\/wp\/v2\/types\/post"}],"author":[{"embeddable":true,"href":"https:\/\/www.talenteamup.com\/es\/wp-json\/wp\/v2\/users\/1"}],"replies":[{"embeddable":true,"href":"https:\/\/www.talenteamup.com\/es\/wp-json\/wp\/v2\/comments?post=359"}],"version-history":[{"count":1,"href":"https:\/\/www.talenteamup.com\/es\/wp-json\/wp\/v2\/posts\/359\/revisions"}],"predecessor-version":[{"id":1439,"href":"https:\/\/www.talenteamup.com\/es\/wp-json\/wp\/v2\/posts\/359\/revisions\/1439"}],"wp:featuredmedia":[{"embeddable":true,"href":"https:\/\/www.talenteamup.com\/es\/wp-json\/wp\/v2\/media\/530"}],"wp:attachment":[{"href":"https:\/\/www.talenteamup.com\/es\/wp-json\/wp\/v2\/media?parent=359"}],"wp:term":[{"taxonomy":"category","embeddable":true,"href":"https:\/\/www.talenteamup.com\/es\/wp-json\/wp\/v2\/categories?post=359"},{"taxonomy":"post_tag","embeddable":true,"href":"https:\/\/www.talenteamup.com\/es\/wp-json\/wp\/v2\/tags?post=359"}],"curies":[{"name":"wp","href":"https:\/\/api.w.org\/{rel}","templated":true}]}}