{"id":1416,"date":"2020-01-22T10:20:55","date_gmt":"2020-01-22T10:20:55","guid":{"rendered":"https:\/\/www.talentup.cat\/?p=1416"},"modified":"2022-10-24T07:23:03","modified_gmt":"2022-10-24T07:23:03","slug":"espanol-industria-4-0-en-la-urv","status":"publish","type":"post","link":"https:\/\/www.talenteamup.com\/es\/2020\/01\/22\/espanol-industria-4-0-en-la-urv\/","title":{"rendered":"Industria 4.0 en la URV"},"content":{"rendered":"<img loading=\"lazy\" decoding=\"async\" class=\"alignleft size-medium wp-image-1417\" src=\"https:\/\/www.talenteamup.com\/wp-content\/uploads\/2020\/03\/Industria4.0-URV-300x300.jpeg\" alt=\"Industria4.0-URV\" width=\"300\" height=\"300\" \/><\/p>\n<p>Agradecidos\u00a0por la menci\u00f3n en el\u00a0<a href=\"http:\/\/diaridigital.urv.cat\/clou-el-curs-de-formacio-continuada-la-industria-4-0-excellencia-operacional-i-eines-lean\/\">Diario digital de la Universidad Rovira i Virgili<\/a>\u00a0al finalizar la formaci\u00f3n\u00a0<a href=\"http:\/\/www.fq.urv.cat\/ca\/estudis\/cursos\/industria-40\/\">Industria 4.0<\/a>\u00a0del que formamos parte desde la primera edici\u00f3n.<\/p>\n<p style=\"text-align: center;\">\u00abCabe destacar la colaboraci\u00f3n de\u00a0<a href=\"http:\/\/www.talenteamup.com\/\" target=\"_blank\" rel=\"noopener\">TalentUp<\/a>!,\u00a0que cuenta con un equipo de facilitadores y mentores especialistas en la gesti\u00f3n del talento, la motivaci\u00f3n y la empat\u00eda. En la docencia del curso han participado\u00a0<a href=\"https:\/\/www.linkedin.com\/in\/piopuig\">Pio Puig<\/a>\u00a0y\u00a0<a href=\"https:\/\/www.linkedin.com\/in\/susannamiquel\/\">Susanna Miquel<\/a>, ambos Certified Strenght Coaches, que han llevado a\u00a0cabo\u00a0la identificaci\u00f3n y\u00a0desarrollo\u00a0del talento de los alumnos a trav\u00e9s del Clifton StrengthsFinder de Gallup.\u00bb<\/p>\n<p><span id=\"ember15148\" class=\"ember-view\">Encantados de formar parte del equipo Industria 4.0, con grandes como\u00a0Borja Arrizabalaga\u00a0y Emili Angl\u00e9s. \u00a1\u00a1\u00a1<\/span><span id=\"ember15167\" class=\"ember-view\">Gracias!!!<\/span><br \/>","protected":false},"excerpt":{"rendered":"<p>Agradecidos\u00a0por la menci\u00f3n en el\u00a0Diario digital de la Universidad Rovira i Virgili\u00a0al finalizar la formaci\u00f3n\u00a0Industria 4.0\u00a0del que formamos parte desde la primera edici\u00f3n. \u00abCabe destacar la colaboraci\u00f3n de\u00a0TalentUp!,\u00a0que cuenta con un equipo de facilitadores y mentores especialistas en la gesti\u00f3n del talento, la motivaci\u00f3n y la empat\u00eda. En la docencia del curso han participado\u00a0Pio Puig\u00a0y\u00a0Susanna [&#8230;]\n","protected":false},"author":2,"featured_media":1417,"comment_status":"open","ping_status":"open","sticky":false,"template":"","format":"standard","meta":{"footnotes":""},"categories":[25,23,24],"tags":[37,34,36,35],"class_list":["post-1416","post","type-post","status-publish","format-standard","has-post-thumbnail","hentry","category-lideratge","category-masters","category-motivacio","tag-culturateal","tag-industria4-0","tag-lider","tag-master"],"_links":{"self":[{"href":"https:\/\/www.talenteamup.com\/es\/wp-json\/wp\/v2\/posts\/1416","targetHints":{"allow":["GET"]}}],"collection":[{"href":"https:\/\/www.talenteamup.com\/es\/wp-json\/wp\/v2\/posts"}],"about":[{"href":"https:\/\/www.talenteamup.com\/es\/wp-json\/wp\/v2\/types\/post"}],"author":[{"embeddable":true,"href":"https:\/\/www.talenteamup.com\/es\/wp-json\/wp\/v2\/users\/2"}],"replies":[{"embeddable":true,"href":"https:\/\/www.talenteamup.com\/es\/wp-json\/wp\/v2\/comments?post=1416"}],"version-history":[{"count":5,"href":"https:\/\/www.talenteamup.com\/es\/wp-json\/wp\/v2\/posts\/1416\/revisions"}],"predecessor-version":[{"id":1502,"href":"https:\/\/www.talenteamup.com\/es\/wp-json\/wp\/v2\/posts\/1416\/revisions\/1502"}],"wp:featuredmedia":[{"embeddable":true,"href":"https:\/\/www.talenteamup.com\/es\/wp-json\/wp\/v2\/media\/1417"}],"wp:attachment":[{"href":"https:\/\/www.talenteamup.com\/es\/wp-json\/wp\/v2\/media?parent=1416"}],"wp:term":[{"taxonomy":"category","embeddable":true,"href":"https:\/\/www.talenteamup.com\/es\/wp-json\/wp\/v2\/categories?post=1416"},{"taxonomy":"post_tag","embeddable":true,"href":"https:\/\/www.talenteamup.com\/es\/wp-json\/wp\/v2\/tags?post=1416"}],"curies":[{"name":"wp","href":"https:\/\/api.w.org\/{rel}","templated":true}]}}