{"id":1339,"date":"2019-04-15T10:04:37","date_gmt":"2019-04-15T10:04:37","guid":{"rendered":"http:\/\/www.talentup.cat\/?p=1339"},"modified":"2021-08-23T10:40:55","modified_gmt":"2021-08-23T10:40:55","slug":"la-transformacio-digital-es-un-assumpte-de-persones","status":"publish","type":"post","link":"https:\/\/www.talenteamup.com\/es\/2019\/04\/15\/la-transformacio-digital-es-un-assumpte-de-persones\/","title":{"rendered":"La transformaci\u00f3n digital es un asunto de personas"},"content":{"rendered":"<img loading=\"lazy\" decoding=\"async\" class=\"alignleft size-full wp-image-1344\" src=\"http:\/\/www.talenteamup.com\/wp-content\/uploads\/2019\/04\/hand-1571851_960_720.jpg\" alt=\"hand-1571851_960_720\" width=\"960\" height=\"299\" srcset=\"https:\/\/www.talenteamup.com\/wp-content\/uploads\/2019\/04\/hand-1571851_960_720.jpg 960w, https:\/\/www.talenteamup.com\/wp-content\/uploads\/2019\/04\/hand-1571851_960_720-300x93.jpg 300w, https:\/\/www.talenteamup.com\/wp-content\/uploads\/2019\/04\/hand-1571851_960_720-768x239.jpg 768w\" sizes=\"auto, (max-width: 960px) 100vw, 960px\" \/>Estamos en la era digital y de la tecnolog\u00eda. El cambio es constante y puede ser vertiginoso. A\u00fan as\u00ed, percibimos que es necesario si no queremos quedarnos atr\u00e1s y desaparecer. \u00bfPero, como llevamos a cabo esta transformaci\u00f3n digital? \u00bfEs la tecnolog\u00eda la que nos arrastra\u00a0 o son las personas las que la impulsan?<\/p>\n<p>La palabra CAMBIO puede producir pereza e incluso rechazo en muchas personas. El esfuerzo y el reto que supone, para algunos es un aliciente y el inicio de una fant\u00e1stica aventura, pero para otros es una monta\u00f1a que parece inescalable!\u00a0\u00bfPero eso quiere decir que debamos dejar\u00a0estas personas atr\u00e1s? \u00bfapartarlas?\u00a0En muchos casos, por la misma estructura organizativa, estar\u00e1n all\u00ed y si no conseguimos hacerlas tambi\u00e9n impulsoras del cambio la transformaci\u00f3n digital acaba siendo una monta\u00f1a para todos!<\/p>\n<p>Si no queremos que sea la tecnolog\u00eda la que nos arrastre o incluso nos arrolle,\u00a0<strong>debemos\u00a0colocar a la persona en el centro del proceso!\u00a0<\/strong>El cambio tiene muchos \u00e1ngulos y perspectivas. Cuanto m\u00e1s involucrados est\u00e9n todos los perfiles, m\u00e1s amplio, m\u00e1s transversal y m\u00e1s profundo puede ser.\u00a0No nos podemos permitir perder el valor de algunas personas simplemente porque no hayamos sabido incluirlas en el\u00a0proceso. \u00bfPero como hacemos part\u00edcipe a todo el mundo?<\/p>\n<p>Un primer paso es conocer de forma clara el valor de cada persona, entender aquello que aporta para descubrir que pieza son\u00a0dentro de la transformaci\u00f3n digital.\u00a0Y la pieza\u00a0que son\u00a0vendr\u00e1\u00a0determinada\u00a0por su propia motivaci\u00f3n intr\u00ednseca. De esta manera cada persona no solo encuentra su lugar si no que lo alinea con su motivaci\u00f3n. La monta\u00f1a inescalable desaparece y el cambio, con el aporte de todos, puede llegar a ser disruptivo!<\/p>\n<p>Por mucha era digital, no es la tecnolog\u00eda sin\u00f3 que\u00a0<strong>son las personas las que lo hacen posible!!\u00a0<\/strong>","protected":false},"excerpt":{"rendered":"<p>Estamos en la era digital y de la tecnolog\u00eda. El cambio es constante y puede ser vertiginoso. A\u00fan as\u00ed, percibimos que es necesario si no queremos quedarnos atr\u00e1s y desaparecer. \u00bfPero, como llevamos a cabo esta transformaci\u00f3n digital? \u00bfEs la tecnolog\u00eda la que nos arrastra\u00a0 o son las personas las que la impulsan? La palabra [&#8230;]\n","protected":false},"author":2,"featured_media":0,"comment_status":"open","ping_status":"open","sticky":false,"template":"","format":"standard","meta":{"footnotes":""},"categories":[31,30,25],"tags":[38,33,39],"class_list":["post-1339","post","type-post","status-publish","format-standard","hentry","category-cultura","category-culturaagil","category-lideratge","tag-cultura","tag-culturaagil","tag-gestion-del-cambio"],"_links":{"self":[{"href":"https:\/\/www.talenteamup.com\/es\/wp-json\/wp\/v2\/posts\/1339","targetHints":{"allow":["GET"]}}],"collection":[{"href":"https:\/\/www.talenteamup.com\/es\/wp-json\/wp\/v2\/posts"}],"about":[{"href":"https:\/\/www.talenteamup.com\/es\/wp-json\/wp\/v2\/types\/post"}],"author":[{"embeddable":true,"href":"https:\/\/www.talenteamup.com\/es\/wp-json\/wp\/v2\/users\/2"}],"replies":[{"embeddable":true,"href":"https:\/\/www.talenteamup.com\/es\/wp-json\/wp\/v2\/comments?post=1339"}],"version-history":[{"count":7,"href":"https:\/\/www.talenteamup.com\/es\/wp-json\/wp\/v2\/posts\/1339\/revisions"}],"predecessor-version":[{"id":1506,"href":"https:\/\/www.talenteamup.com\/es\/wp-json\/wp\/v2\/posts\/1339\/revisions\/1506"}],"wp:attachment":[{"href":"https:\/\/www.talenteamup.com\/es\/wp-json\/wp\/v2\/media?parent=1339"}],"wp:term":[{"taxonomy":"category","embeddable":true,"href":"https:\/\/www.talenteamup.com\/es\/wp-json\/wp\/v2\/categories?post=1339"},{"taxonomy":"post_tag","embeddable":true,"href":"https:\/\/www.talenteamup.com\/es\/wp-json\/wp\/v2\/tags?post=1339"}],"curies":[{"name":"wp","href":"https:\/\/api.w.org\/{rel}","templated":true}]}}