{"id":1266,"date":"2019-01-31T11:08:18","date_gmt":"2019-01-31T11:08:18","guid":{"rendered":"http:\/\/www.talentup.cat\/?p=1266"},"modified":"2019-03-23T11:49:40","modified_gmt":"2019-03-23T11:49:40","slug":"inaugurat-master-bim","status":"publish","type":"post","link":"https:\/\/www.talenteamup.com\/es\/2019\/01\/31\/inaugurat-master-bim\/","title":{"rendered":"\u00a1Inaugurado el M\u00e1ster BIM!"},"content":{"rendered":"<a href=\"http:\/\/www.talenteamup.com\/wp-content\/uploads\/2019\/01\/Muntatge-Fotos-BLOG-min.png\"><img loading=\"lazy\" decoding=\"async\" class=\"alignleft size-full wp-image-1272\" src=\"http:\/\/www.talenteamup.com\/wp-content\/uploads\/2019\/01\/Muntatge-Fotos-BLOG-min.png\" alt=\"Muntatge Fotos BLOG-min\" width=\"1366\" height=\"768\" srcset=\"https:\/\/www.talenteamup.com\/wp-content\/uploads\/2019\/01\/Muntatge-Fotos-BLOG-min.png 1366w, https:\/\/www.talenteamup.com\/wp-content\/uploads\/2019\/01\/Muntatge-Fotos-BLOG-min-300x169.png 300w, https:\/\/www.talenteamup.com\/wp-content\/uploads\/2019\/01\/Muntatge-Fotos-BLOG-min-768x432.png 768w, https:\/\/www.talenteamup.com\/wp-content\/uploads\/2019\/01\/Muntatge-Fotos-BLOG-min-1024x576.png 1024w\" sizes=\"auto, (max-width: 1366px) 100vw, 1366px\" \/><\/a>El <strong>pasado 25 de enero hemos inaugurado una nueva edici\u00f3n del M\u00e1ster en BIM Management Steering de la UPC School.<\/strong><\/p>\n<p>Son habituales las caras de sorpresa entre los asistentes cunado lo primero que hacen en el M\u00e1ster (recordemos que es un m\u00e1ster t\u00e9cnico) es escuchar m\u00fasica y navegar entre m\u00e1s de un centenar de fotos para escoger aquella que les haga vibrar. \u00a1Es una experiencia fant\u00e1stica!<\/p>\n<p>Y es que la apuesta del M\u00e1ster por la \u00abParte Humana del BIM\u00bb es uno de sus factores diferenciales. La tecnolog\u00eda y las herramientas colaborativas son importantes pero sirven de bien poco sin las personas y su implicaci\u00f3n emocional en aquello que hacen.<\/p>\n<p>Por eso hemos querido arrancar esta edici\u00f3n descubriendo&#8230; <strong>\u00bfQue aportamos cada uno de nosotros como valor?<\/strong> Un viaje de la mano de TalentUp, que empieza ahora y que iremos recorriendo de manera transversal durante todo el M\u00e1ster.","protected":false},"excerpt":{"rendered":"<p>El pasado 25 de enero hemos inaugurado una nueva edici\u00f3n del M\u00e1ster en BIM Management Steering de la UPC School. Son habituales las caras de sorpresa entre los asistentes cunado lo primero que hacen en el M\u00e1ster (recordemos que es un m\u00e1ster t\u00e9cnico) es escuchar m\u00fasica y navegar entre m\u00e1s de un centenar de fotos [&#8230;]\n","protected":false},"author":2,"featured_media":0,"comment_status":"open","ping_status":"open","sticky":false,"template":"","format":"standard","meta":{"footnotes":""},"categories":[17,23,22],"tags":[],"class_list":["post-1266","post","type-post","status-publish","format-standard","hentry","category-bim","category-masters","category-workshops"],"_links":{"self":[{"href":"https:\/\/www.talenteamup.com\/es\/wp-json\/wp\/v2\/posts\/1266","targetHints":{"allow":["GET"]}}],"collection":[{"href":"https:\/\/www.talenteamup.com\/es\/wp-json\/wp\/v2\/posts"}],"about":[{"href":"https:\/\/www.talenteamup.com\/es\/wp-json\/wp\/v2\/types\/post"}],"author":[{"embeddable":true,"href":"https:\/\/www.talenteamup.com\/es\/wp-json\/wp\/v2\/users\/2"}],"replies":[{"embeddable":true,"href":"https:\/\/www.talenteamup.com\/es\/wp-json\/wp\/v2\/comments?post=1266"}],"version-history":[{"count":9,"href":"https:\/\/www.talenteamup.com\/es\/wp-json\/wp\/v2\/posts\/1266\/revisions"}],"predecessor-version":[{"id":1315,"href":"https:\/\/www.talenteamup.com\/es\/wp-json\/wp\/v2\/posts\/1266\/revisions\/1315"}],"wp:attachment":[{"href":"https:\/\/www.talenteamup.com\/es\/wp-json\/wp\/v2\/media?parent=1266"}],"wp:term":[{"taxonomy":"category","embeddable":true,"href":"https:\/\/www.talenteamup.com\/es\/wp-json\/wp\/v2\/categories?post=1266"},{"taxonomy":"post_tag","embeddable":true,"href":"https:\/\/www.talenteamup.com\/es\/wp-json\/wp\/v2\/tags?post=1266"}],"curies":[{"name":"wp","href":"https:\/\/api.w.org\/{rel}","templated":true}]}}