{"id":1192,"date":"2018-09-14T08:03:47","date_gmt":"2018-09-14T08:03:47","guid":{"rendered":"http:\/\/www.talentup.cat\/?p=1192"},"modified":"2019-03-23T11:52:52","modified_gmt":"2019-03-23T11:52:52","slug":"talentup-co-autor-duna-publicacio-al-llibre-dactes-del-congres-eubim-2018","status":"publish","type":"post","link":"https:\/\/www.talenteamup.com\/es\/2018\/09\/14\/talentup-co-autor-duna-publicacio-al-llibre-dactes-del-congres-eubim-2018\/","title":{"rendered":"TalentUp co-autor de una Publicaci\u00f3n en el Libro de Actas del Congreso EUBIM 2018"},"content":{"rendered":"<strong><a href=\"http:\/\/www.talenteamup.com\/wp-content\/uploads\/2018\/09\/Cartel-EUBIM.png\"><img loading=\"lazy\" decoding=\"async\" class=\"alignleft size-medium wp-image-1208\" src=\"http:\/\/www.talenteamup.com\/wp-content\/uploads\/2018\/09\/Cartel-EUBIM-300x282.png\" alt=\"Cartel EUBIM\" width=\"300\" height=\"282\" srcset=\"https:\/\/www.talenteamup.com\/wp-content\/uploads\/2018\/09\/Cartel-EUBIM-300x282.png 300w, https:\/\/www.talenteamup.com\/wp-content\/uploads\/2018\/09\/Cartel-EUBIM.png 659w\" sizes=\"auto, (max-width: 300px) 100vw, 300px\" \/><\/a>EL IMPACTO DEL FACTOR HUMANO EN LOS PROYECTOS REALIZADOS EN BIM<\/strong>\u00a0es el art\u00edculo publicado\u00a0para la Escuela Tecnica Sueprior de Ingenier\u00eda de la Edificaci\u00f3n de Valencia dentro del contexto EUBIM 2018. Redactado por\u00a0Eloi Coloma, Montserrat Armengol, Pio Puig, Susanna Miquel, Cristina Ayats\u00a0e Isabel Molas.<\/p>\n<p>Os adjuntamos el link:<span style=\"color: #0000ff;\">\u00a0<a style=\"color: #0000ff;\" href=\"http:\/\/www.talenteamup.com\/wp-content\/uploads\/2018\/09\/C_AT2_EUBIM-2018.pdf\">C_AT2_EUBIM 2018<\/a><\/span><\/p>\n<p>Un art\u00edculo que muestra el impacto del factor humano en los proyectos realizados en BIM des de tres puntos de vista:<\/p>\n<ol>\n<li>La formaci\u00f3n del equipo mediante la potenciaci\u00f3n del talento.<\/li>\n<li>La ejecuci\u00f3n de la obra mediante Lean Construction.<\/li>\n<li>La implantaci\u00f3n del BIM y el desarrollo de competencias sociales.<\/li>\n<\/ol>\n<p>En definitiva,\u00a0<strong>la implantaci\u00f3n del BIM y del Lean<\/strong>, como muchos de los procesos de cambio, <strong>s\u00f3lo ser\u00e1 un \u00e9xito si somos capaces de trabajar con una sistem\u00e1tica colaborativa donde los roles y responsabilidades se adapten a\u00a0los talentos de las personas.<\/strong>","protected":false},"excerpt":{"rendered":"<p>EL IMPACTO DEL FACTOR HUMANO EN LOS PROYECTOS REALIZADOS EN BIM\u00a0es el art\u00edculo publicado\u00a0para la Escuela Tecnica Sueprior de Ingenier\u00eda de la Edificaci\u00f3n de Valencia dentro del contexto EUBIM 2018. Redactado por\u00a0Eloi Coloma, Montserrat Armengol, Pio Puig, Susanna Miquel, Cristina Ayats\u00a0e Isabel Molas. Os adjuntamos el link:\u00a0C_AT2_EUBIM 2018 Un art\u00edculo que muestra el impacto del [&#8230;]\n","protected":false},"author":2,"featured_media":0,"comment_status":"open","ping_status":"open","sticky":false,"template":"","format":"standard","meta":{"footnotes":""},"categories":[17],"tags":[],"class_list":["post-1192","post","type-post","status-publish","format-standard","hentry","category-bim"],"_links":{"self":[{"href":"https:\/\/www.talenteamup.com\/es\/wp-json\/wp\/v2\/posts\/1192","targetHints":{"allow":["GET"]}}],"collection":[{"href":"https:\/\/www.talenteamup.com\/es\/wp-json\/wp\/v2\/posts"}],"about":[{"href":"https:\/\/www.talenteamup.com\/es\/wp-json\/wp\/v2\/types\/post"}],"author":[{"embeddable":true,"href":"https:\/\/www.talenteamup.com\/es\/wp-json\/wp\/v2\/users\/2"}],"replies":[{"embeddable":true,"href":"https:\/\/www.talenteamup.com\/es\/wp-json\/wp\/v2\/comments?post=1192"}],"version-history":[{"count":11,"href":"https:\/\/www.talenteamup.com\/es\/wp-json\/wp\/v2\/posts\/1192\/revisions"}],"predecessor-version":[{"id":1209,"href":"https:\/\/www.talenteamup.com\/es\/wp-json\/wp\/v2\/posts\/1192\/revisions\/1209"}],"wp:attachment":[{"href":"https:\/\/www.talenteamup.com\/es\/wp-json\/wp\/v2\/media?parent=1192"}],"wp:term":[{"taxonomy":"category","embeddable":true,"href":"https:\/\/www.talenteamup.com\/es\/wp-json\/wp\/v2\/categories?post=1192"},{"taxonomy":"post_tag","embeddable":true,"href":"https:\/\/www.talenteamup.com\/es\/wp-json\/wp\/v2\/tags?post=1192"}],"curies":[{"name":"wp","href":"https:\/\/api.w.org\/{rel}","templated":true}]}}