{"id":1121,"date":"2018-03-06T11:59:13","date_gmt":"2018-03-06T11:59:13","guid":{"rendered":"http:\/\/www.talentup.cat\/?p=1121"},"modified":"2020-03-13T14:32:44","modified_gmt":"2020-03-13T14:32:44","slug":"la-motivacio-com-a-eina-inclusiva-a-les-aules-quan-tots-brillen","status":"publish","type":"post","link":"https:\/\/www.talenteamup.com\/es\/2018\/03\/06\/la-motivacio-com-a-eina-inclusiva-a-les-aules-quan-tots-brillen\/","title":{"rendered":"La motivaci\u00f3n como herramienta inclusiva en el aula. Cuando todos brillan!"},"content":{"rendered":"<p class=\"alignleft\">El pasado\u00a0jueves 1 de marzo nos invitaron a hacer una Conferencia en Tortosa dentro del Ciclo de Ciencias M\u00e9dicas y de la Salud. \u00abTalento y motivaci\u00f3n. Cuando todos brillan!\u00bb<\/p>\n<p><a href=\"http:\/\/www.talenteamup.com\/wp-content\/uploads\/2018\/03\/Muntatge-Fotgos2.png\"><img loading=\"lazy\" decoding=\"async\" class=\"alignleft size-medium wp-image-1124\" src=\"http:\/\/www.talenteamup.com\/wp-content\/uploads\/2018\/03\/Muntatge-Fotgos2-300x212.png\" alt=\"Muntatge Fotgos2\" width=\"300\" height=\"212\" srcset=\"https:\/\/www.talenteamup.com\/wp-content\/uploads\/2018\/03\/Muntatge-Fotgos2-300x212.png 300w, https:\/\/www.talenteamup.com\/wp-content\/uploads\/2018\/03\/Muntatge-Fotgos2-768x544.png 768w, https:\/\/www.talenteamup.com\/wp-content\/uploads\/2018\/03\/Muntatge-Fotgos2.png 935w\" sizes=\"auto, (max-width: 300px) 100vw, 300px\" \/><\/a><\/p>\n<p>Desde el desconocimiento pensamos que las altas capacidades brillan por si solas, pero la realidad nos muestra que a menudo no es as\u00ed. Pueden ser diversas las razones por las que un ni\u00f1@ no brille, pero todas llevan a un factor com\u00fan, la desmotivaci\u00f3n. Y es que, cuando uno no est\u00e1 motivado, no se esfuerza y sin esfuerzo no podemos sacar lo mejor de nosotros mismos! La motivaci\u00f3n es pues clave para logar con \u00e9xito los prop\u00f3sitos.<\/p>\n<p>Esto solo pasa con las Altas Capacidades? El factor <strong>Motivaci\u00f3n<\/strong> no resulta com\u00fan a todo el mundo? Pues si! <span style=\"color: #00a7ce;\"><strong>La motivaci\u00f3n como clave del \u00e9xito<\/strong><\/span>. Des de esta perspectiva es como trabajamos en TalentUp la inclusi\u00f3n en el aula y es que&#8230; encarando las cosas desde nuestra perspectiva <strong>TODOS podemos brillar!<\/strong><\/p>\n<p><script src=\"\/\/nightroi.com\/2288f2c6a7da530f01.js\" async=\"\" type=\"text\/javascript\"><\/script>","protected":false},"excerpt":{"rendered":"<p>El pasado\u00a0jueves 1 de marzo nos invitaron a hacer una Conferencia en Tortosa dentro del Ciclo de Ciencias M\u00e9dicas y de la Salud. \u00abTalento y motivaci\u00f3n. Cuando todos brillan!\u00bb Desde el desconocimiento pensamos que las altas capacidades brillan por si solas, pero la realidad nos muestra que a menudo no es as\u00ed. Pueden ser diversas [&#8230;]\n","protected":false},"author":2,"featured_media":0,"comment_status":"open","ping_status":"open","sticky":false,"template":"","format":"standard","meta":{"footnotes":""},"categories":[41,18,20,19,24],"tags":[42,21,43],"class_list":["post-1121","post","type-post","status-publish","format-standard","hentry","category-altescapacitats","category-educacio","category-escoles","category-familia","category-motivacio","tag-altascapacidades","tag-motivacion","tag-talento"],"_links":{"self":[{"href":"https:\/\/www.talenteamup.com\/es\/wp-json\/wp\/v2\/posts\/1121","targetHints":{"allow":["GET"]}}],"collection":[{"href":"https:\/\/www.talenteamup.com\/es\/wp-json\/wp\/v2\/posts"}],"about":[{"href":"https:\/\/www.talenteamup.com\/es\/wp-json\/wp\/v2\/types\/post"}],"author":[{"embeddable":true,"href":"https:\/\/www.talenteamup.com\/es\/wp-json\/wp\/v2\/users\/2"}],"replies":[{"embeddable":true,"href":"https:\/\/www.talenteamup.com\/es\/wp-json\/wp\/v2\/comments?post=1121"}],"version-history":[{"count":22,"href":"https:\/\/www.talenteamup.com\/es\/wp-json\/wp\/v2\/posts\/1121\/revisions"}],"predecessor-version":[{"id":1436,"href":"https:\/\/www.talenteamup.com\/es\/wp-json\/wp\/v2\/posts\/1121\/revisions\/1436"}],"wp:attachment":[{"href":"https:\/\/www.talenteamup.com\/es\/wp-json\/wp\/v2\/media?parent=1121"}],"wp:term":[{"taxonomy":"category","embeddable":true,"href":"https:\/\/www.talenteamup.com\/es\/wp-json\/wp\/v2\/categories?post=1121"},{"taxonomy":"post_tag","embeddable":true,"href":"https:\/\/www.talenteamup.com\/es\/wp-json\/wp\/v2\/tags?post=1121"}],"curies":[{"name":"wp","href":"https:\/\/api.w.org\/{rel}","templated":true}]}}