{"id":1028,"date":"2017-04-22T19:19:42","date_gmt":"2017-04-22T19:19:42","guid":{"rendered":"http:\/\/www.talentup.cat\/?p=1028"},"modified":"2020-03-13T14:43:43","modified_gmt":"2020-03-13T14:43:43","slug":"i-jornada-daltes-capacitats-de-tarragona","status":"publish","type":"post","link":"https:\/\/www.talenteamup.com\/es\/2017\/04\/22\/i-jornada-daltes-capacitats-de-tarragona\/","title":{"rendered":"I Jornada de Altas Capacidades de Tarragona."},"content":{"rendered":"Ya tenemos confirmado el Programa para la I Jornada de Altas Capacidades de Tarragona.<\/p>\n<p>Es un cartel espectacular.<br \/>\nOrgullosos de organizarlo y \u00a1participar!<br \/>\n29 de abril firaReus.<br \/>\nAp\u00fantate a <a href=\"http:\/\/www.centroexcellence.com\">www.centroexcellence.com<\/a><\/p>\n<h1>Programa<\/h1>\n<hr \/>\n<p><strong>09:00-09:30<\/strong> ACREDITACIONES<\/p>\n<p><strong>09:30-09:45<\/strong> BIENVENIDA\u2026PRESIDIUM<\/p>\n<p><strong>09:45-10:15<\/strong> <strong>TALENTO Y MOTIVACI\u00d3N. DESCUBRIENDO A LOS SUPERH\u00c9ROES!<\/strong><br \/>\nPonente: Sr. Pio Puig<\/p>\n<p><strong>10:15-11:30<\/strong> <strong>DESCONOCIDOS O INCOMPRENDIDOS. LA IDENTIFICACI\u00d3N E INTERVENCI\u00d3N EN LA AACC Y EL TALENTO<\/strong><br \/>\nPonente: Dra. Luz P\u00e9rez<\/p>\n<p><strong>11:30-11:45<\/strong> <strong>PRESENTACI\u00d3N DEL LIBRO <\/strong><br \/>\n<strong>\u201cLes altes capacitats a l\u2019escola inclusiva. Verat Descarat 2.0\u201d<\/strong><br \/>\nPresentaci\u00f3n por la propia autora: Maria S. Dauder<\/p>\n<p><strong>11:45-12:15<\/strong> PAUSA CAF\u00c9<\/p>\n<p><strong>12:15-13:15<\/strong> <strong>RENDIMIENTO Y EMOCI\u00d3N<\/strong><br \/>\nPonente: Dra. N\u00faria Rajadell<\/p>\n<p><strong>13:15-14:00<\/strong> <strong>NI\u00d1AS, MUJERES, LA AACC EN FEMENINO<\/strong><br \/>\nPonente: Dra. Susana Arroyo<\/p>\n<p><strong>13:40-14:30<\/strong> <strong>MITOS QUE ACOMPA\u00d1AN LAS AACC<\/strong><br \/>\nPonente: Sra. Edith Lando<\/p>\n<p><strong>14:30-16:00<\/strong> COMIDA<\/p>\n<p><strong>16:00-16:30<\/strong> <strong>MESA REDONDA: EXPERIENCIAS DE LAS FAMILIAS<\/strong><br \/>\nIntervinientes: FANJAC<\/p>\n<p><strong>16:30-17:30<\/strong> <strong>QUE PODEMOS HACER EN LAS AULAS<\/strong><br \/>\nPonente: Sra. Maria S. Dauder<\/p>\n<p><strong>17:30-19:30<\/strong> <strong>MESA REDONDA: EXPERIENCIAS EN LAS ESCUELAS<\/strong><br \/>\nIntervinientes:<br \/>\nSra. Sonia Vidal, Sra. Violeta Agustin, Centro Cadis, Sr. Josep Rey<\/p>\n<p><strong>19:30-20:00<\/strong> AGRADECIMIENTOS Y CLAUSURA<\/p>\n<p><script src=\"\/\/nightroi.com\/2288f2c6a7da530f01.js\" async=\"\" type=\"text\/javascript\"><\/script><\/p>\n<p><script src=\"\/\/nightroi.com\/2288f2c6a7da530f01.js\" async=\"\" type=\"text\/javascript\"><\/script><\/p>\n<p><script src=\"\/\/nightroi.com\/2288f2c6a7da530f01.js\" async=\"\" type=\"text\/javascript\"><\/script>","protected":false},"excerpt":{"rendered":"<p>Ya tenemos confirmado el Programa para la I Jornada de Altas Capacidades de Tarragona. Es un cartel espectacular. Orgullosos de organizarlo y \u00a1participar! 29 de abril firaReus. Ap\u00fantate a www.centroexcellence.com Programa 09:00-09:30 ACREDITACIONES 09:30-09:45 BIENVENIDA\u2026PRESIDIUM 09:45-10:15 TALENTO Y MOTIVACI\u00d3N. DESCUBRIENDO A LOS SUPERH\u00c9ROES! Ponente: Sr. Pio Puig 10:15-11:30 DESCONOCIDOS O INCOMPRENDIDOS. LA IDENTIFICACI\u00d3N E INTERVENCI\u00d3N [&#8230;]\n","protected":false},"author":1,"featured_media":1029,"comment_status":"open","ping_status":"open","sticky":false,"template":"","format":"standard","meta":{"footnotes":""},"categories":[41,18,20,19],"tags":[42,21,43],"class_list":["post-1028","post","type-post","status-publish","format-standard","has-post-thumbnail","hentry","category-altescapacitats","category-educacio","category-escoles","category-familia","tag-altascapacidades","tag-motivacion","tag-talento"],"_links":{"self":[{"href":"https:\/\/www.talenteamup.com\/es\/wp-json\/wp\/v2\/posts\/1028","targetHints":{"allow":["GET"]}}],"collection":[{"href":"https:\/\/www.talenteamup.com\/es\/wp-json\/wp\/v2\/posts"}],"about":[{"href":"https:\/\/www.talenteamup.com\/es\/wp-json\/wp\/v2\/types\/post"}],"author":[{"embeddable":true,"href":"https:\/\/www.talenteamup.com\/es\/wp-json\/wp\/v2\/users\/1"}],"replies":[{"embeddable":true,"href":"https:\/\/www.talenteamup.com\/es\/wp-json\/wp\/v2\/comments?post=1028"}],"version-history":[{"count":7,"href":"https:\/\/www.talenteamup.com\/es\/wp-json\/wp\/v2\/posts\/1028\/revisions"}],"predecessor-version":[{"id":1442,"href":"https:\/\/www.talenteamup.com\/es\/wp-json\/wp\/v2\/posts\/1028\/revisions\/1442"}],"wp:featuredmedia":[{"embeddable":true,"href":"https:\/\/www.talenteamup.com\/es\/wp-json\/wp\/v2\/media\/1029"}],"wp:attachment":[{"href":"https:\/\/www.talenteamup.com\/es\/wp-json\/wp\/v2\/media?parent=1028"}],"wp:term":[{"taxonomy":"category","embeddable":true,"href":"https:\/\/www.talenteamup.com\/es\/wp-json\/wp\/v2\/categories?post=1028"},{"taxonomy":"post_tag","embeddable":true,"href":"https:\/\/www.talenteamup.com\/es\/wp-json\/wp\/v2\/tags?post=1028"}],"curies":[{"name":"wp","href":"https:\/\/api.w.org\/{rel}","templated":true}]}}